[{"@context":"https:\/\/schema.org\/","@type":"Article","@id":"https:\/\/www.empc.sk\/obstarajte-si-klimatizaciu-a-vyriesite-mnohe-problemy\/#Article","mainEntityOfPage":"https:\/\/www.empc.sk\/obstarajte-si-klimatizaciu-a-vyriesite-mnohe-problemy\/","headline":"Obstarajte si klimatiz\u00e1ciu a vyrie\u0161ite mnoh\u00e9 probl\u00e9my","name":"Obstarajte si klimatiz\u00e1ciu a vyrie\u0161ite mnoh\u00e9 probl\u00e9my","description":"U\u017e vyslovenie slova kl\u00edma sa sp\u00e1ja s predstavou vhodn\u00fdch teplotn\u00fdch podmienok v danom priestranstve. To znamen\u00e1, \u017eiadne pr\u00edli\u0161n\u00e9 dusna ani chlad. S kl\u00edmou si viete toti\u017e nastavi\u0165 nielen ni\u017e\u0161iu teplotu v letn\u00fdch mesiacoch a vyhn\u00fa\u0165 sa tak pr\u00edli\u0161n\u00fdm hor\u00fa\u010dav\u00e1m, ale aj vykurovanie pr\u00edbytku \u010di kancel\u00e1rie. Zariadenie pozost\u00e1va z \u010dasti, ktor\u00e1 sa upev\u0148uje v interi\u00e9ri ako aj z exteri\u00e9rovej \u010dasti. Kl\u00edmu v\u00e1m namontujeme, spolo\u010dne s vami vysk\u00fa\u0161ame, \u010d\u00edm si budete ist\u00ed, \u017ee v\u0161etko funguje tak ako m\u00e1. Mont\u00e1\u017e klimatiz\u00e1cie Trnava zabezpe\u010duje t\u00edm na\u0161ich profesion\u00e1lnych pracovn\u00edkov, ktor\u00ed s\u00fa jednotkami v tejto oblasti. U\u017e \u017eiadne bezv\u00fdznamn\u00e9 vetranie v obdobiach extr\u00e9mneho tepla, zap\u00ednanie ventil\u00e1torov, ktor\u00fdch efekt\u00edvnos\u0165 nie je dostato\u010dn\u00e1. Klimatiza\u010dn\u00e9 zariadenie vyrie\u0161i tieto probl\u00e9my. Kl\u00edmu si m\u00f4\u017eete nastavi\u0165 na dosiahnutie po\u017eadovanej teploty na konkr\u00e9tny \u010das. V takomto pr\u00edpade pr\u00eddete do ide\u00e1lneho prostredia z h\u013eadiska teploty pr\u00edbytku \u010di firmy, v ktorom m\u00f4\u017eete norm\u00e1lne fungova\u0165 bez toho, aby ste v tomto oh\u013eade c\u00edtili ur\u010dit\u00e9 nepohodlie. Klimatiza\u010dn\u00e9 zariadenie si vy\u017eaduje pravideln\u00e9 \u010distenie a v\u00fdmenu filtrov, ktor\u00e9 zachyt\u00e1vaj\u00fa prach a in\u00e9 ne\u017eiad\u00face l\u00e1tky nach\u00e1dzaj\u00face sa do vzduchu, \u010d\u00edm sa sp\u00e4\u0165 do priestoru dost\u00e1va https:\/\/www.pcrevue.sk\/a\/Do-predaja-sa-dostava-iMac-Pro&#8211;najvykonnejsi-pocitac-znacky-Apple&#8211;Pripravte-si-5000-USD \u010dist\u00fd vzduch. Ak u\u017e ste sa rozhodli a nechcete sa nasleduj\u00face obdobie tr\u00e1pi\u0165 s nevhodn\u00fdmi klimatick\u00fdmi podmienkami u v\u00e1s doma alebo vo va\u0161ej spolo\u010dnosti, nev\u00e1hajte n\u00e1s kontaktova\u0165, radi v\u00e1m porad\u00edme s v\u00fdberom. Tak\u00fdmto sp\u00f4sobom v\u00e1s vo va\u0161ej dom\u00e1cnosti pri vykon\u00e1van\u00ed be\u017en\u00fdch ka\u017edodenn\u00fdch \u010dinnost\u00ed nemus\u00ed ovplyv\u0148ova\u0165 hor\u00fa\u010dava vonku. Dusno, v ktorom sa ned\u00e1 s\u00fastredi\u0165 na pr\u00e1cu a ktor\u00e9 n\u00e1s ober\u00e1 o energiu a chu\u0165 pracova\u0165 a fungova\u0165 v na\u0161ej ka\u017edodennej rutine. Zabudnite na m\u00fdty o klimatiz\u00e1cii, ktor\u00e9 hovoria o ich nepriaznivom p\u00f4soben\u00ed na na\u0161e zdravie. Dbajte na pravideln\u00e9 \u010distenie zariadenia a o pohodu vo va\u0161om obydl\u00ed m\u00e1te postaran\u00e9. Sme tu pre v\u00e1s s na\u0161imi produktmi a slu\u017ebami. 3.7\/5 - (18 votes)","datePublished":"2023-07-12","dateModified":"2024-02-26","author":{"@type":"Person","@id":"https:\/\/www.empc.sk\/author\/#Person","name":"","url":"https:\/\/www.empc.sk\/author\/","identifier":1,"image":{"@type":"ImageObject","@id":"https:\/\/secure.gravatar.com\/avatar\/614460c3109f6ef46730ae87c5e2be623f574940fabcec1214dc0d8d5af688cf?s=96&d=mm&r=g","url":"https:\/\/secure.gravatar.com\/avatar\/614460c3109f6ef46730ae87c5e2be623f574940fabcec1214dc0d8d5af688cf?s=96&d=mm&r=g","height":96,"width":96}},"publisher":{"@type":"Organization","name":"empc.sk","logo":{"@type":"ImageObject","@id":"\/logo.png","url":"\/logo.png","width":600,"height":60}},"image":{"@type":"ImageObject","@id":"https:\/\/www.empc.sk\/wp-content\/uploads\/office-730681_1280_1.jpg","url":"https:\/\/www.empc.sk\/wp-content\/uploads\/office-730681_1280_1.jpg","height":0,"width":0},"url":"https:\/\/www.empc.sk\/obstarajte-si-klimatizaciu-a-vyriesite-mnohe-problemy\/","wordCount":395,"articleBody":"   U\u017e vyslovenie slova kl\u00edma sa sp\u00e1ja s predstavou vhodn\u00fdch teplotn\u00fdch podmienok v danom priestranstve. To znamen\u00e1, \u017eiadne pr\u00edli\u0161n\u00e9 dusna ani chlad. S kl\u00edmou si viete toti\u017e nastavi\u0165 nielen ni\u017e\u0161iu teplotu v letn\u00fdch mesiacoch a vyhn\u00fa\u0165 sa tak pr\u00edli\u0161n\u00fdm hor\u00fa\u010dav\u00e1m, ale aj vykurovanie pr\u00edbytku \u010di kancel\u00e1rie.Zariadenie pozost\u00e1va z \u010dasti, ktor\u00e1 sa upev\u0148uje v interi\u00e9ri ako aj z exteri\u00e9rovej \u010dasti. Kl\u00edmu v\u00e1m namontujeme, spolo\u010dne s vami vysk\u00fa\u0161ame, \u010d\u00edm si budete ist\u00ed, \u017ee v\u0161etko funguje tak ako m\u00e1. Mont\u00e1\u017e klimatiz\u00e1cie Trnava zabezpe\u010duje t\u00edm na\u0161ich profesion\u00e1lnych pracovn\u00edkov, ktor\u00ed s\u00fa jednotkami v tejto oblasti. U\u017e \u017eiadne bezv\u00fdznamn\u00e9 vetranie v obdobiach extr\u00e9mneho tepla, zap\u00ednanie ventil\u00e1torov, ktor\u00fdch efekt\u00edvnos\u0165 nie je dostato\u010dn\u00e1. Klimatiza\u010dn\u00e9 zariadenie vyrie\u0161i tieto probl\u00e9my. Kl\u00edmu si m\u00f4\u017eete nastavi\u0165 na dosiahnutie po\u017eadovanej teploty na konkr\u00e9tny \u010das. V takomto pr\u00edpade pr\u00eddete do ide\u00e1lneho prostredia z h\u013eadiska teploty pr\u00edbytku \u010di firmy, v ktorom m\u00f4\u017eete norm\u00e1lne fungova\u0165 bez toho, aby ste v tomto oh\u013eade c\u00edtili ur\u010dit\u00e9 nepohodlie.Klimatiza\u010dn\u00e9 zariadenie si vy\u017eaduje pravideln\u00e9 \u010distenie a v\u00fdmenu filtrov, ktor\u00e9 zachyt\u00e1vaj\u00fa prach a in\u00e9 ne\u017eiad\u00face l\u00e1tky nach\u00e1dzaj\u00face sa do vzduchu, \u010d\u00edm sa sp\u00e4\u0165 do priestoru dost\u00e1va  https:\/\/www.pcrevue.sk\/a\/Do-predaja-sa-dostava-iMac-Pro&#8211;najvykonnejsi-pocitac-znacky-Apple&#8211;Pripravte-si-5000-USD \u010dist\u00fd vzduch. Ak u\u017e ste sa rozhodli a nechcete sa nasleduj\u00face obdobie tr\u00e1pi\u0165 s nevhodn\u00fdmi klimatick\u00fdmi podmienkami u v\u00e1s doma alebo vo va\u0161ej spolo\u010dnosti, nev\u00e1hajte n\u00e1s kontaktova\u0165, radi v\u00e1m porad\u00edme s v\u00fdberom. Tak\u00fdmto sp\u00f4sobom v\u00e1s vo va\u0161ej dom\u00e1cnosti pri vykon\u00e1van\u00ed be\u017en\u00fdch ka\u017edodenn\u00fdch \u010dinnost\u00ed nemus\u00ed ovplyv\u0148ova\u0165 hor\u00fa\u010dava vonku. Dusno, v ktorom sa ned\u00e1 s\u00fastredi\u0165 na pr\u00e1cu a ktor\u00e9 n\u00e1s ober\u00e1 o energiu a chu\u0165 pracova\u0165 a fungova\u0165 v na\u0161ej ka\u017edodennej rutine.Zabudnite na m\u00fdty o klimatiz\u00e1cii, ktor\u00e9 hovoria o ich nepriaznivom p\u00f4soben\u00ed na na\u0161e zdravie. Dbajte na pravideln\u00e9 \u010distenie zariadenia a o pohodu vo va\u0161om obydl\u00ed m\u00e1te postaran\u00e9. Sme tu pre v\u00e1s s na\u0161imi produktmi a slu\u017ebami.                                                                                                                                                                                                                                                                                                                                                                                          3.7\/5 - (18 votes)        "},{"@context":"https:\/\/schema.org\/","@type":"BreadcrumbList","itemListElement":[{"@type":"ListItem","position":1,"name":"Obstarajte si klimatiz\u00e1ciu a vyrie\u0161ite mnoh\u00e9 probl\u00e9my","item":"https:\/\/www.empc.sk\/obstarajte-si-klimatizaciu-a-vyriesite-mnohe-problemy\/#breadcrumbitem"}]}]