[{"@context":"https:\/\/schema.org\/","@type":"Article","@id":"https:\/\/www.empc.sk\/svetlo-mojho-zivota\/#Article","mainEntityOfPage":"https:\/\/www.empc.sk\/svetlo-mojho-zivota\/","headline":"Svetlo m\u00f4jho \u017eivota","name":"Svetlo m\u00f4jho \u017eivota","description":"Pr\u00eddete na miesto, na ktor\u00e9 ste chodievali so svojim b\u00fdval\u00fdm priate\u013eom, po\u010dujete piese\u0148, ktor\u00fa ste ako mal\u00e9 po\u010d\u00favali so svojou najlep\u0161ou kamar\u00e1tkou. Pripomen\u00fa sa v\u00e1m tie kr\u00e1sne chv\u00edle, ktor\u00e9 ste spolu pre\u017eili, no z\u00e1rove\u0148 je to so\u013eou pre va\u0161e srdce, ke\u010f\u017ee viete, \u017ee s t\u00fdmi \u013eudmi u\u017e nebudete v kontakte. Neust\u00e1le sa vraciate do minulosti a nechcete zanecha\u0165 t\u00fa boles\u0165, ktor\u00fa v\u00e1m tieto spomienky sp\u00f4sobuj\u00fa. Sk\u00faste sa zamera\u0165 na to \u010do je pr\u00e1ve teraz. Minulos\u0165 u\u017e nezmen\u00edte, a ke\u010f sa neust\u00e1le budete zastavova\u0165 nad t\u00fdm, \u010do sa stalo a ako by to mohlo by\u0165, keby urob\u00edte hento a tamto, tak v\u00e1s to bude iba uzem\u0148ova\u0165 a brzdi\u0165 vo va\u0161om \u010fal\u0161om psychickom rozvoji. Naozaj zanechajte v\u0161etko \u010do sa stalo za sebou a preci\u0165ujte pr\u00edtomnos\u0165. Bu\u010fte v\u010fa\u010dn\u00ed za to, \u017ee m\u00f4\u017eete \u017ei\u0165 pr\u00e1ve tu a teraz a n\u00e1jdite pozit\u00edvne str\u00e1nky v\u00e1\u0161ho \u017eivota. Nemus\u00edte zabudn\u00fa\u0165 \u00faplne na \u013eud\u00ed, ktor\u00ed v\u00e1m ubl\u00ed\u017eili, ale myslite na nich iba v dobrom slova zmysle, a berte si z t\u00fdchto situ\u00e1cii ponau\u010denie. ,,Boli v mojom \u017eivote, som rada, \u017ee tu boli, ale ja ich za ni\u010d neobvi\u0148ujem.\u00b4\u00b4 a nielen m\u00f4j byt, ale aj cel\u00fd m\u00f4j \u017eivot. H\u013eadajte veci, ktor\u00e9 v\u00e1m bud\u00fa do \u017eivota prin\u00e1\u0161a\u0165 svetlo a n\u00e1dej, pokoj a smiech. Bud\u00fa v\u00e1s pos\u00fava\u0165 vpred a vy i po p\u00e1r rokoch iba poviete:,, Ako dobre, \u017ee sa mi to stalo, a ako dobre, \u017ee on pri\u0161iel, \u010di odi\u0161iel z m\u00f4jho \u017eivota.\u00b4\u00b4 Posunulo v\u00e1s to vpred a vy ste silnej\u0161ia a o to m\u00fadrej\u0161ia. Samozrejme sa ne\u017ee\u0148te za dokonalos\u0165ou a nesna\u017ete sa by\u0165 neust\u00e1le ako jedno ve\u013ek\u00e9 slnie\u010dko. Ka\u017ed\u00fd m\u00e1 ob\u010das svoje n\u00e1lady a nie ve\u013emi dobr\u00e9 dni. A preto je predstieranie, \u017ee je v\u0161etko v \u00faplnom poriadku nie dobrou cestou. T\u00fdm oklamete sam\u00fa seba a bude to e\u0161te hor\u0161ie. Nikto nie je dokonal\u00fd aj ke\u010f ve\u013ea \u013eud\u00ed sa tak prezentuje napr\u00edklad na soci\u00e1lnych sie\u0165ach. No t\u00fdmto sp\u00f4sobom sa iba ukr\u00fdvaj\u00fa sami pred sebou a unikaj\u00fa z reality. Neprip\u00fa\u0161\u0165aj\u00fa si svoje probl\u00e9my, no uteka\u0165 od nich tie\u017e nie je rie\u0161enie. \u017divot je sk\u00fa\u0161ka a prin\u00e1\u0161a r\u00f4zne n\u00e1strahy. Je iba na n\u00e1s ako ich vyrie\u0161ime a \u010do z nich vy\u0165a\u017e\u00edme alebo vyu\u017eijeme. 3.7\/5 - (4 votes)","datePublished":"2019-02-09","dateModified":"2019-02-09","author":{"@type":"Person","@id":"https:\/\/www.empc.sk\/author\/#Person","name":"","url":"https:\/\/www.empc.sk\/author\/","identifier":1,"image":{"@type":"ImageObject","@id":"https:\/\/secure.gravatar.com\/avatar\/614460c3109f6ef46730ae87c5e2be623f574940fabcec1214dc0d8d5af688cf?s=96&d=mm&r=g","url":"https:\/\/secure.gravatar.com\/avatar\/614460c3109f6ef46730ae87c5e2be623f574940fabcec1214dc0d8d5af688cf?s=96&d=mm&r=g","height":96,"width":96}},"publisher":{"@type":"Organization","name":"empc.sk","logo":{"@type":"ImageObject","@id":"\/logo.png","url":"\/logo.png","width":600,"height":60}},"image":{"@type":"ImageObject","@id":"https:\/\/www.empc.sk\/wp-content\/uploads\/img_a299227_w16508_t1554817650.jpg","url":"https:\/\/www.empc.sk\/wp-content\/uploads\/img_a299227_w16508_t1554817650.jpg","height":0,"width":0},"url":"https:\/\/www.empc.sk\/svetlo-mojho-zivota\/","wordCount":452,"articleBody":"Pr\u00eddete na miesto, na ktor\u00e9 ste chodievali so svojim b\u00fdval\u00fdm priate\u013eom, po\u010dujete piese\u0148, ktor\u00fa ste ako mal\u00e9 po\u010d\u00favali so svojou najlep\u0161ou kamar\u00e1tkou. Pripomen\u00fa sa v\u00e1m tie kr\u00e1sne chv\u00edle, ktor\u00e9 ste spolu pre\u017eili, no z\u00e1rove\u0148 je to so\u013eou pre va\u0161e srdce, ke\u010f\u017ee viete, \u017ee s t\u00fdmi \u013eudmi u\u017e nebudete v kontakte. Neust\u00e1le sa vraciate do minulosti a nechcete zanecha\u0165 t\u00fa boles\u0165, ktor\u00fa v\u00e1m tieto spomienky sp\u00f4sobuj\u00fa.Sk\u00faste sa zamera\u0165 na to \u010do je pr\u00e1ve teraz. Minulos\u0165 u\u017e nezmen\u00edte, a ke\u010f sa neust\u00e1le budete zastavova\u0165 nad t\u00fdm, \u010do sa stalo a ako by to mohlo by\u0165, keby urob\u00edte hento a tamto, tak v\u00e1s to bude iba uzem\u0148ova\u0165 a brzdi\u0165 vo va\u0161om \u010fal\u0161om psychickom rozvoji.Naozaj zanechajte v\u0161etko \u010do sa stalo za sebou a preci\u0165ujte pr\u00edtomnos\u0165. Bu\u010fte v\u010fa\u010dn\u00ed za to, \u017ee m\u00f4\u017eete \u017ei\u0165 pr\u00e1ve tu a teraz a n\u00e1jdite pozit\u00edvne str\u00e1nky v\u00e1\u0161ho \u017eivota. Nemus\u00edte zabudn\u00fa\u0165 \u00faplne na \u013eud\u00ed, ktor\u00ed v\u00e1m ubl\u00ed\u017eili, ale myslite na nich iba v dobrom slova zmysle, a berte si z t\u00fdchto situ\u00e1cii ponau\u010denie. ,,Boli v mojom \u017eivote, som rada, \u017ee tu boli, ale ja ich za ni\u010d neobvi\u0148ujem.\u00b4\u00b4 a nielen m\u00f4j byt, ale aj cel\u00fd m\u00f4j \u017eivot. H\u013eadajte veci, ktor\u00e9 v\u00e1m bud\u00fa do \u017eivota prin\u00e1\u0161a\u0165 svetlo a n\u00e1dej, pokoj a smiech. Bud\u00fa v\u00e1s pos\u00fava\u0165 vpred a vy i po p\u00e1r rokoch iba poviete:,, Ako dobre, \u017ee sa mi to stalo, a ako dobre, \u017ee on pri\u0161iel, \u010di odi\u0161iel z m\u00f4jho \u017eivota.\u00b4\u00b4 Posunulo v\u00e1s to vpred a vy ste silnej\u0161ia a o to m\u00fadrej\u0161ia.Samozrejme sa ne\u017ee\u0148te za dokonalos\u0165ou a nesna\u017ete sa by\u0165 neust\u00e1le ako jedno ve\u013ek\u00e9 slnie\u010dko. Ka\u017ed\u00fd m\u00e1 ob\u010das svoje n\u00e1lady a nie ve\u013emi dobr\u00e9 dni. A preto je predstieranie, \u017ee je v\u0161etko v \u00faplnom poriadku nie dobrou cestou. T\u00fdm oklamete sam\u00fa seba a bude to e\u0161te hor\u0161ie. Nikto nie je dokonal\u00fd aj ke\u010f ve\u013ea \u013eud\u00ed sa tak prezentuje napr\u00edklad na soci\u00e1lnych sie\u0165ach. No t\u00fdmto sp\u00f4sobom sa iba ukr\u00fdvaj\u00fa sami pred sebou a unikaj\u00fa z reality. Neprip\u00fa\u0161\u0165aj\u00fa si svoje probl\u00e9my, no uteka\u0165 od nich tie\u017e nie je rie\u0161enie.\u017divot je sk\u00fa\u0161ka a prin\u00e1\u0161a r\u00f4zne n\u00e1strahy. Je iba na n\u00e1s ako ich vyrie\u0161ime a \u010do z nich vy\u0165a\u017e\u00edme alebo vyu\u017eijeme.                                                                                                                                                                                                                                                                                                                                                                                        3.7\/5 - (4 votes)        "},{"@context":"https:\/\/schema.org\/","@type":"BreadcrumbList","itemListElement":[{"@type":"ListItem","position":1,"name":"Svetlo m\u00f4jho \u017eivota","item":"https:\/\/www.empc.sk\/svetlo-mojho-zivota\/#breadcrumbitem"}]}]